[{"@context":"https:\/\/schema.org\/","@type":"Blog","@id":"https:\/\/www.aplcomm.cz#Blog","headline":"Aplcomm","description":"\nKa\u017ed\u00fd web slou\u017e\u00ed n\u011bkomu k n\u011bjak\u00e9mu konkr\u00e9tn\u00edmu \u00fa\u010delu. A kter\u00fd web slou\u017e\u00ed v\u00e1m k tomu, \u010deho je v\u00e1m zapot\u0159eb\u00ed? To d\u00e1 rozum, \u017ee p\u0159ece hlavn\u011b ten n\u00e1\u0161.","url":"https:\/\/www.aplcomm.cz","hasPart":[{"@type":"Article","@id":"https:\/\/www.aplcomm.cz\/auto-na-splatky-bez-registru\/","headline":"Auto na spl\u00e1tky bez registru","url":"https:\/\/www.aplcomm.cz\/auto-na-splatky-bez-registru\/","datePublished":"2025-12-20","dateModified":"2025-12-20","mainEntityOfPage":"https:\/\/www.aplcomm.cz\/auto-na-splatky-bez-registru\/","author":{"@type":"Person","@id":"https:\/\/www.aplcomm.cz\/author\/#Person","name":"","url":"https:\/\/www.aplcomm.cz\/author\/","identifier":1,"image":{"@type":"ImageObject","@id":"https:\/\/secure.gravatar.com\/avatar\/3064f57e4a87acc15ee08ce03d01afdc2a328e3d2da280f2bcfaabcbd486d62e?s=96&d=mm&r=g","url":"https:\/\/secure.gravatar.com\/avatar\/3064f57e4a87acc15ee08ce03d01afdc2a328e3d2da280f2bcfaabcbd486d62e?s=96&d=mm&r=g","height":96,"width":96}},"publisher":{"@type":"Organization","name":"aplcomm.cz","logo":{"@type":"ImageObject","@id":"\/logo.png","url":"\/logo.png","width":600,"height":60}},"image":{"@type":"ImageObject","@id":"https:\/\/www.aplcomm.cz\/wp-content\/uploads\/bmw-m3-7325182_640.jpg","url":"https:\/\/www.aplcomm.cz\/wp-content\/uploads\/bmw-m3-7325182_640.jpg","height":0,"width":0},"wordCount":595,"keywords":null},{"@type":"Article","@id":"https:\/\/www.aplcomm.cz\/pekne-a-prakticke-dvere\/","headline":"P\u011bkn\u00e9 a praktick\u00e9 dve\u0159e","url":"https:\/\/www.aplcomm.cz\/pekne-a-prakticke-dvere\/","datePublished":"2025-11-17","dateModified":"2025-11-17","mainEntityOfPage":"https:\/\/www.aplcomm.cz\/pekne-a-prakticke-dvere\/","author":{"@type":"Person","@id":"https:\/\/www.aplcomm.cz\/author\/#Person","name":"","url":"https:\/\/www.aplcomm.cz\/author\/","identifier":1,"image":{"@type":"ImageObject","@id":"https:\/\/secure.gravatar.com\/avatar\/3064f57e4a87acc15ee08ce03d01afdc2a328e3d2da280f2bcfaabcbd486d62e?s=96&d=mm&r=g","url":"https:\/\/secure.gravatar.com\/avatar\/3064f57e4a87acc15ee08ce03d01afdc2a328e3d2da280f2bcfaabcbd486d62e?s=96&d=mm&r=g","height":96,"width":96}},"publisher":{"@type":"Organization","name":"aplcomm.cz","logo":{"@type":"ImageObject","@id":"\/logo.png","url":"\/logo.png","width":600,"height":60}},"image":{"@type":"ImageObject","@id":"https:\/\/www.aplcomm.cz\/wp-content\/uploads\/door-1342628_640_1.jpg","url":"https:\/\/www.aplcomm.cz\/wp-content\/uploads\/door-1342628_640_1.jpg","height":0,"width":0},"wordCount":597,"keywords":null},{"@type":"Article","@id":"https:\/\/www.aplcomm.cz\/je-montaz-nabytku-praha-skutecne-tak-snadna\/","headline":"Je mont\u00e1\u017e n\u00e1bytku Praha skute\u010dn\u011b tak snadn\u00e1?","url":"https:\/\/www.aplcomm.cz\/je-montaz-nabytku-praha-skutecne-tak-snadna\/","datePublished":"2025-11-13","dateModified":"2025-11-13","mainEntityOfPage":"https:\/\/www.aplcomm.cz\/je-montaz-nabytku-praha-skutecne-tak-snadna\/","author":{"@type":"Person","@id":"https:\/\/www.aplcomm.cz\/author\/#Person","name":"","url":"https:\/\/www.aplcomm.cz\/author\/","identifier":1,"image":{"@type":"ImageObject","@id":"https:\/\/secure.gravatar.com\/avatar\/3064f57e4a87acc15ee08ce03d01afdc2a328e3d2da280f2bcfaabcbd486d62e?s=96&d=mm&r=g","url":"https:\/\/secure.gravatar.com\/avatar\/3064f57e4a87acc15ee08ce03d01afdc2a328e3d2da280f2bcfaabcbd486d62e?s=96&d=mm&r=g","height":96,"width":96}},"publisher":{"@type":"Organization","name":"aplcomm.cz","logo":{"@type":"ImageObject","@id":"\/logo.png","url":"\/logo.png","width":600,"height":60}},"image":{"@type":"ImageObject","@id":"https:\/\/www.aplcomm.cz\/wp-content\/uploads\/postel7_1.png","url":"https:\/\/www.aplcomm.cz\/wp-content\/uploads\/postel7_1.png","height":0,"width":0},"wordCount":583,"keywords":null},{"@type":"Article","@id":"https:\/\/www.aplcomm.cz\/reklamni-textil-pro-vsechny\/","headline":"Reklamn\u00ed textil pro v\u0161echny","url":"https:\/\/www.aplcomm.cz\/reklamni-textil-pro-vsechny\/","datePublished":"2025-11-08","dateModified":"2025-11-08","mainEntityOfPage":"https:\/\/www.aplcomm.cz\/reklamni-textil-pro-vsechny\/","author":{"@type":"Person","@id":"https:\/\/www.aplcomm.cz\/author\/#Person","name":"","url":"https:\/\/www.aplcomm.cz\/author\/","identifier":1,"image":{"@type":"ImageObject","@id":"https:\/\/secure.gravatar.com\/avatar\/3064f57e4a87acc15ee08ce03d01afdc2a328e3d2da280f2bcfaabcbd486d62e?s=96&d=mm&r=g","url":"https:\/\/secure.gravatar.com\/avatar\/3064f57e4a87acc15ee08ce03d01afdc2a328e3d2da280f2bcfaabcbd486d62e?s=96&d=mm&r=g","height":96,"width":96}},"publisher":{"@type":"Organization","name":"aplcomm.cz","logo":{"@type":"ImageObject","@id":"\/logo.png","url":"\/logo.png","width":600,"height":60}},"image":{"@type":"ImageObject","@id":"https:\/\/www.aplcomm.cz\/wp-content\/uploads\/green-2592196_640.jpg","url":"https:\/\/www.aplcomm.cz\/wp-content\/uploads\/green-2592196_640.jpg","height":0,"width":0},"wordCount":543,"keywords":null},{"@type":"Article","@id":"https:\/\/www.aplcomm.cz\/proc-najdeme-nebankovni-hypoteky-v-kazdem-meste-v-republice\/","headline":"Pro\u010d najdeme nebankovn\u00ed hypot\u00e9ky v ka\u017ed\u00e9m m\u011bst\u011b v republice","url":"https:\/\/www.aplcomm.cz\/proc-najdeme-nebankovni-hypoteky-v-kazdem-meste-v-republice\/","datePublished":"2025-10-16","dateModified":"2025-10-16","mainEntityOfPage":"https:\/\/www.aplcomm.cz\/proc-najdeme-nebankovni-hypoteky-v-kazdem-meste-v-republice\/","author":{"@type":"Person","@id":"https:\/\/www.aplcomm.cz\/author\/#Person","name":"","url":"https:\/\/www.aplcomm.cz\/author\/","identifier":1,"image":{"@type":"ImageObject","@id":"https:\/\/secure.gravatar.com\/avatar\/3064f57e4a87acc15ee08ce03d01afdc2a328e3d2da280f2bcfaabcbd486d62e?s=96&d=mm&r=g","url":"https:\/\/secure.gravatar.com\/avatar\/3064f57e4a87acc15ee08ce03d01afdc2a328e3d2da280f2bcfaabcbd486d62e?s=96&d=mm&r=g","height":96,"width":96}},"publisher":{"@type":"Organization","name":"aplcomm.cz","logo":{"@type":"ImageObject","@id":"\/logo.png","url":"\/logo.png","width":600,"height":60}},"image":{"@type":"ImageObject","@id":"https:\/\/www.aplcomm.cz\/wp-content\/uploads\/hypoteka1_10_10_10_10_10_10_10_10_10_10_10_4.jpg","url":"https:\/\/www.aplcomm.cz\/wp-content\/uploads\/hypoteka1_10_10_10_10_10_10_10_10_10_10_10_4.jpg","height":0,"width":0},"wordCount":613,"keywords":null},{"@type":"Article","@id":"https:\/\/www.aplcomm.cz\/pece-o-zuby-je-standard\/","headline":"P\u00e9\u010de o zuby je standard","url":"https:\/\/www.aplcomm.cz\/pece-o-zuby-je-standard\/","datePublished":"2025-09-01","dateModified":"2025-09-01","mainEntityOfPage":"https:\/\/www.aplcomm.cz\/pece-o-zuby-je-standard\/","author":{"@type":"Person","@id":"https:\/\/www.aplcomm.cz\/author\/#Person","name":"","url":"https:\/\/www.aplcomm.cz\/author\/","identifier":1,"image":{"@type":"ImageObject","@id":"https:\/\/secure.gravatar.com\/avatar\/3064f57e4a87acc15ee08ce03d01afdc2a328e3d2da280f2bcfaabcbd486d62e?s=96&d=mm&r=g","url":"https:\/\/secure.gravatar.com\/avatar\/3064f57e4a87acc15ee08ce03d01afdc2a328e3d2da280f2bcfaabcbd486d62e?s=96&d=mm&r=g","height":96,"width":96}},"publisher":{"@type":"Organization","name":"aplcomm.cz","logo":{"@type":"ImageObject","@id":"\/logo.png","url":"\/logo.png","width":600,"height":60}},"image":{"@type":"ImageObject","@id":"https:\/\/www.aplcomm.cz\/wp-content\/uploads\/dentist-1437430_640_10_10_9.jpg","url":"https:\/\/www.aplcomm.cz\/wp-content\/uploads\/dentist-1437430_640_10_10_9.jpg","height":0,"width":0},"wordCount":587,"keywords":null},{"@type":"Article","@id":"https:\/\/www.aplcomm.cz\/proc-zalezi-na-spravnych-ponozkach-pro-miminko\/","headline":"Pro\u010d z\u00e1le\u017e\u00ed na spr\u00e1vn\u00fdch pono\u017ek\u00e1ch pro miminko","url":"https:\/\/www.aplcomm.cz\/proc-zalezi-na-spravnych-ponozkach-pro-miminko\/","datePublished":"2025-08-15","dateModified":"2025-08-15","mainEntityOfPage":"https:\/\/www.aplcomm.cz\/proc-zalezi-na-spravnych-ponozkach-pro-miminko\/","author":{"@type":"Person","@id":"https:\/\/www.aplcomm.cz\/author\/#Person","name":"","url":"https:\/\/www.aplcomm.cz\/author\/","identifier":1,"image":{"@type":"ImageObject","@id":"https:\/\/secure.gravatar.com\/avatar\/3064f57e4a87acc15ee08ce03d01afdc2a328e3d2da280f2bcfaabcbd486d62e?s=96&d=mm&r=g","url":"https:\/\/secure.gravatar.com\/avatar\/3064f57e4a87acc15ee08ce03d01afdc2a328e3d2da280f2bcfaabcbd486d62e?s=96&d=mm&r=g","height":96,"width":96}},"publisher":{"@type":"Organization","name":"aplcomm.cz","logo":{"@type":"ImageObject","@id":"\/logo.png","url":"\/logo.png","width":600,"height":60}},"image":{"@type":"ImageObject","@id":"https:\/\/www.aplcomm.cz\/wp-content\/uploads\/kojeneck%C3%A9%20pono%C5%BEky.jpg","url":"https:\/\/www.aplcomm.cz\/wp-content\/uploads\/kojeneck%C3%A9%20pono%C5%BEky.jpg","height":0,"width":0},"wordCount":672,"keywords":null},{"@type":"Article","@id":"https:\/\/www.aplcomm.cz\/kouzelnicka-show-pro-deti\/","headline":"Kouzelnick\u00e1 show pro d\u011bti","url":"https:\/\/www.aplcomm.cz\/kouzelnicka-show-pro-deti\/","datePublished":"2025-07-06","dateModified":"2025-07-06","mainEntityOfPage":"https:\/\/www.aplcomm.cz\/kouzelnicka-show-pro-deti\/","author":{"@type":"Person","@id":"https:\/\/www.aplcomm.cz\/author\/#Person","name":"","url":"https:\/\/www.aplcomm.cz\/author\/","identifier":1,"image":{"@type":"ImageObject","@id":"https:\/\/secure.gravatar.com\/avatar\/3064f57e4a87acc15ee08ce03d01afdc2a328e3d2da280f2bcfaabcbd486d62e?s=96&d=mm&r=g","url":"https:\/\/secure.gravatar.com\/avatar\/3064f57e4a87acc15ee08ce03d01afdc2a328e3d2da280f2bcfaabcbd486d62e?s=96&d=mm&r=g","height":96,"width":96}},"publisher":{"@type":"Organization","name":"aplcomm.cz","logo":{"@type":"ImageObject","@id":"\/logo.png","url":"\/logo.png","width":600,"height":60}},"image":{"@type":"ImageObject","@id":"https:\/\/www.aplcomm.cz\/wp-content\/uploads\/skola3_10_10_10_5.jpg","url":"https:\/\/www.aplcomm.cz\/wp-content\/uploads\/skola3_10_10_10_5.jpg","height":0,"width":0},"wordCount":648,"keywords":null},{"@type":"Article","@id":"https:\/\/www.aplcomm.cz\/ochrana-mobilniho-telefonu\/","headline":"Ochrana mobiln\u00edho telefonu","url":"https:\/\/www.aplcomm.cz\/ochrana-mobilniho-telefonu\/","datePublished":"2025-07-01","dateModified":"2025-07-01","mainEntityOfPage":"https:\/\/www.aplcomm.cz\/ochrana-mobilniho-telefonu\/","author":{"@type":"Person","@id":"https:\/\/www.aplcomm.cz\/author\/#Person","name":"","url":"https:\/\/www.aplcomm.cz\/author\/","identifier":1,"image":{"@type":"ImageObject","@id":"https:\/\/secure.gravatar.com\/avatar\/3064f57e4a87acc15ee08ce03d01afdc2a328e3d2da280f2bcfaabcbd486d62e?s=96&d=mm&r=g","url":"https:\/\/secure.gravatar.com\/avatar\/3064f57e4a87acc15ee08ce03d01afdc2a328e3d2da280f2bcfaabcbd486d62e?s=96&d=mm&r=g","height":96,"width":96}},"publisher":{"@type":"Organization","name":"aplcomm.cz","logo":{"@type":"ImageObject","@id":"\/logo.png","url":"\/logo.png","width":600,"height":60}},"image":{"@type":"ImageObject","@id":"https:\/\/www.aplcomm.cz\/wp-content\/uploads\/smartphone-2354157_640_7.jpg","url":"https:\/\/www.aplcomm.cz\/wp-content\/uploads\/smartphone-2354157_640_7.jpg","height":0,"width":0},"wordCount":520,"keywords":null},{"@type":"Article","@id":"https:\/\/www.aplcomm.cz\/kvalitni-reklamni-predmety\/","headline":"Kvalitn\u00ed reklamn\u00ed p\u0159edm\u011bty","url":"https:\/\/www.aplcomm.cz\/kvalitni-reklamni-predmety\/","datePublished":"2025-06-05","dateModified":"2025-06-05","mainEntityOfPage":"https:\/\/www.aplcomm.cz\/kvalitni-reklamni-predmety\/","author":{"@type":"Person","@id":"https:\/\/www.aplcomm.cz\/author\/#Person","name":"","url":"https:\/\/www.aplcomm.cz\/author\/","identifier":1,"image":{"@type":"ImageObject","@id":"https:\/\/secure.gravatar.com\/avatar\/3064f57e4a87acc15ee08ce03d01afdc2a328e3d2da280f2bcfaabcbd486d62e?s=96&d=mm&r=g","url":"https:\/\/secure.gravatar.com\/avatar\/3064f57e4a87acc15ee08ce03d01afdc2a328e3d2da280f2bcfaabcbd486d62e?s=96&d=mm&r=g","height":96,"width":96}},"publisher":{"@type":"Organization","name":"aplcomm.cz","logo":{"@type":"ImageObject","@id":"\/logo.png","url":"\/logo.png","width":600,"height":60}},"image":{"@type":"ImageObject","@id":"https:\/\/www.aplcomm.cz\/wp-content\/uploads\/yellow-2187234_640.jpg","url":"https:\/\/www.aplcomm.cz\/wp-content\/uploads\/yellow-2187234_640.jpg","height":0,"width":0},"wordCount":584,"keywords":null}]},{"@context":"https:\/\/schema.org","@type":"WebSite","@id":"https:\/\/www.aplcomm.cz\/#website","name":"Aplcomm","url":"https:\/\/www.aplcomm.cz","potentialAction":{"@type":"SearchAction","target":"https:\/\/www.aplcomm.cz\/?s={search_term_string}","query-input":"required name=search_term_string"}}]