[{"@context":"https:\/\/schema.org\/","@type":"Article","@id":"https:\/\/www.aplcomm.cz\/loznice-ve-ktere-se-vyspite-do-krasy\/#Article","mainEntityOfPage":"https:\/\/www.aplcomm.cz\/loznice-ve-ktere-se-vyspite-do-krasy\/","headline":"Lo\u017enice, ve kter\u00e9 se vysp\u00edte do kr\u00e1sy","name":"Lo\u017enice, ve kter\u00e9 se vysp\u00edte do kr\u00e1sy","description":"Za\u0159\u00eddit lo\u017enici tak, aby se v\u00e1m zde skv\u011ble us\u00ednalo, nic v\u00e1s ve sp\u00e1nku neru\u0161ilo, a probouzeli jste se kr\u00e1sn\u011b odpo\u010dat\u00ed, je kum\u0161t. Mus\u00edte toti\u017e kombinovat kvalitu, styl, i pohodl\u00ed. Jak na to? Uklid\u0148uj\u00edc\u00ed barvy Lo\u017enice nen\u00ed \u0161apit\u00f3, a tak by nem\u011bla hr\u00e1t v\u0161emi mo\u017en\u00fdmi divok\u00fdmi odst\u00edny, kter\u00e9 v\u00e1s budou p\u0159i us\u00edn\u00e1n\u00ed leda tak ru\u0161it. Je [&hellip;]","datePublished":"2021-12-15","dateModified":"2023-05-15","author":{"@type":"Person","@id":"https:\/\/www.aplcomm.cz\/author\/#Person","name":"","url":"https:\/\/www.aplcomm.cz\/author\/","identifier":1,"image":{"@type":"ImageObject","@id":"https:\/\/secure.gravatar.com\/avatar\/3064f57e4a87acc15ee08ce03d01afdc2a328e3d2da280f2bcfaabcbd486d62e?s=96&d=mm&r=g","url":"https:\/\/secure.gravatar.com\/avatar\/3064f57e4a87acc15ee08ce03d01afdc2a328e3d2da280f2bcfaabcbd486d62e?s=96&d=mm&r=g","height":96,"width":96}},"publisher":{"@type":"Organization","name":"aplcomm.cz","logo":{"@type":"ImageObject","@id":"\/logo.png","url":"\/logo.png","width":600,"height":60}},"image":{"@type":"ImageObject","@id":"https:\/\/www.aplcomm.cz\/wp-content\/uploads\/bedroom-1872196_640_3.jpg","url":"https:\/\/www.aplcomm.cz\/wp-content\/uploads\/bedroom-1872196_640_3.jpg","height":0,"width":0},"url":"https:\/\/www.aplcomm.cz\/loznice-ve-ktere-se-vyspite-do-krasy\/","about":["D\u016fm a byt"],"wordCount":431,"articleBody":"Za\u0159\u00eddit lo\u017enici tak, aby se v\u00e1m zde skv\u011ble us\u00ednalo, nic v\u00e1s ve sp\u00e1nku neru\u0161ilo, a probouzeli jste se kr\u00e1sn\u011b odpo\u010dat\u00ed, je kum\u0161t. Mus\u00edte toti\u017e kombinovat kvalitu, styl, i pohodl\u00ed. Jak na to?Uklid\u0148uj\u00edc\u00ed barvyLo\u017enice nen\u00ed \u0161apit\u00f3, a tak by nem\u011bla hr\u00e1t v\u0161emi mo\u017en\u00fdmi divok\u00fdmi odst\u00edny, kter\u00e9 v\u00e1s budou p\u0159i us\u00edn\u00e1n\u00ed leda tak ru\u0161it. Je tedy pot\u0159eba volit barvy, kter\u00e9 v\u00e1s uklid\u0148uj\u00ed, p\u016fsob\u00ed p\u0159\u00edjemn\u011b, a p\u0159irozen\u011b. Ide\u00e1ln\u00ed jsou pak pastelov\u011b modr\u00e9, \u010di tyrkysov\u00e9 st\u011bny, nebo tapeta s jemn\u00fdmi zelenkav\u00fdmi motivy. N\u011bkte\u0159\u00ed lid\u00e9 si nech\u00e1vaj\u00ed jednu st\u011bnu pomalovat tak, aby p\u0159ipom\u00ednala les, co\u017e je skv\u011bl\u00fdm zp\u016fsobem, jak si navodit pocit klidu a ticha, kter\u00fd v lese obvykle panuje. N\u00e1bytek pak volte v neutr\u00e1ln\u00edch a p\u0159\u00edjemn\u00fdch barv\u00e1ch, kter\u00e9 budou se st\u011bnami kr\u00e1sn\u011b kontrastovat.Jen nutn\u00fd n\u00e1bytekNen\u00ed dobr\u00e9, aby se m\u00edsto, kde sp\u00edte, hem\u017eilo zbyte\u010dn\u00fdm n\u00e1bytkem. Nam\u00edsto n\u011bkolika sk\u0159\u00edn\u00ed je nejlep\u0161\u00ed zvolit jednu vestav\u011bnou, kter\u00e1 nep\u016fsob\u00ed ru\u0161iv\u00fdm dojmem. Pot\u00e9 postel, no\u010dn\u00ed stolky, a t\u0159eba kosmetick\u00fd stolek s taburetem. Nic v\u00edc zde opravdu nen\u00ed pot\u0159eba.Kvalitn\u00ed matraceMo\u017en\u00e1 si budete \u0159\u00edkat, \u017ee na matraci tolik nez\u00e1le\u017e\u00ed, a m\u016f\u017eete na n\u00ed u\u0161et\u0159it, to je v\u0161ak chyba. Kvalitn\u00ed matrace ur\u010duje kvalitu sp\u00e1nku v nejv\u011bt\u0161\u00ed m\u00ed\u0159e, a tak je ide\u00e1ln\u00ed osobn\u011b si vyzkou\u0161et r\u016fzn\u00e9 druhy, a zvolit tu, kter\u00e1 v\u00e1m bude vyhovovat nejv\u00edce. Dobr\u00e9 je pak volit jednu v\u011bt\u0161\u00ed matraci, ne\u017e dv\u011b mal\u00e9, abyste nepadali mezi n\u011b.Ro\u0161tI volba ro\u0161tu je d\u016fle\u017eit\u00e1, proto\u017ee na tvrd\u00e9m ro\u0161tu neud\u011bl\u00e1 kouzla ani ta nejlep\u0161\u00ed matrace. Ro\u0161t by m\u011bl b\u00fdt pru\u017en\u00fd, a kvalitn\u00ed, aby se neza\u010daly jednotliv\u00e9 la\u0165ky odpojovat.Povle\u010den\u00edVelmi podstatn\u00e1 je i volba povle\u010den\u00ed, ve kter\u00e9m by se v\u00e1m m\u011blo dob\u0159e sp\u00e1t. Nap\u0159\u00edklad mikroply\u0161 je v l\u00e9t\u011b naprosto nevhodn\u00e1, jeliko\u017e ji snadno propot\u00edte. Sat\u00e9n je pak sice p\u0159\u00edjemn\u00fd na dotek, ale velmi nepraktick\u00fd, flanel p\u0159\u00edli\u0161 h\u0159eje, a bavlnu je nutn\u00e9 \u017eehlit. Ide\u00e1ln\u00ed je pak frot\u00e9 povle\u010den\u00ed, a v l\u00e9t\u011b nam\u00edsto pe\u0159iny jen tenk\u00e1 p\u0159ikr\u00fdvka.                                                                                                                                                                                                                                                                                                                                                                                        4\/5 - (9 votes)        "},{"@context":"https:\/\/schema.org\/","@type":"BreadcrumbList","itemListElement":[{"@type":"ListItem","position":1,"name":"Lo\u017enice, ve kter\u00e9 se vysp\u00edte do kr\u00e1sy","item":"https:\/\/www.aplcomm.cz\/loznice-ve-ktere-se-vyspite-do-krasy\/#breadcrumbitem"}]}]