[{"@context":"https:\/\/schema.org\/","@type":"Article","@id":"https:\/\/www.aplcomm.cz\/mate-silnou-konkurenci\/#Article","mainEntityOfPage":"https:\/\/www.aplcomm.cz\/mate-silnou-konkurenci\/","headline":"M\u00e1te silnou konkurenci?","name":"M\u00e1te silnou konkurenci?","description":"Ji\u017e V\u00e1s unavuje neust\u00e1le vym\u00fd\u0161let novou propaga\u010dn\u00ed strategii pro sv\u016fj produkt, proto\u017ee se boj\u00edte konkurence? Je pravda, \u017ee viditeln\u00fd v\u00fdrobek je v o\u010d\u00edch z\u00e1kazn\u00edk\u016f ten preferovan\u011bj\u0161\u00ed. To ale neznamen\u00e1, \u017ee mus\u00edte ka\u017ed\u00fd m\u011bs\u00edc p\u0159ich\u00e1zet s origin\u00e1ln\u00edmi reklamn\u00edmi kampan\u011bmi, obzvl\u00e1\u0161t\u011b jste-li men\u0161\u00ed podnikatel, kter\u00fd si takov\u00e9 v\u00fddaje nem\u016f\u017ee dovolit. Ud\u011blaj\u00ed to za V\u00e1s Reklamn\u00ed vlajky jsou [&hellip;]","datePublished":"2024-11-26","dateModified":"2024-11-26","author":{"@type":"Person","@id":"https:\/\/www.aplcomm.cz\/author\/#Person","name":"","url":"https:\/\/www.aplcomm.cz\/author\/","identifier":1,"image":{"@type":"ImageObject","@id":"https:\/\/secure.gravatar.com\/avatar\/3064f57e4a87acc15ee08ce03d01afdc2a328e3d2da280f2bcfaabcbd486d62e?s=96&d=mm&r=g","url":"https:\/\/secure.gravatar.com\/avatar\/3064f57e4a87acc15ee08ce03d01afdc2a328e3d2da280f2bcfaabcbd486d62e?s=96&d=mm&r=g","height":96,"width":96}},"publisher":{"@type":"Organization","name":"aplcomm.cz","logo":{"@type":"ImageObject","@id":"\/logo.png","url":"\/logo.png","width":600,"height":60}},"url":"https:\/\/www.aplcomm.cz\/mate-silnou-konkurenci\/","wordCount":172,"articleBody":"Ji\u017e V\u00e1s unavuje neust\u00e1le vym\u00fd\u0161let novou propaga\u010dn\u00ed strategii pro sv\u016fj produkt, proto\u017ee se boj\u00edte konkurence? Je pravda, \u017ee viditeln\u00fd v\u00fdrobek je v o\u010d\u00edch z\u00e1kazn\u00edk\u016f ten preferovan\u011bj\u0161\u00ed. To ale neznamen\u00e1, \u017ee mus\u00edte ka\u017ed\u00fd m\u011bs\u00edc p\u0159ich\u00e1zet s origin\u00e1ln\u00edmi reklamn\u00edmi kampan\u011bmi, obzvl\u00e1\u0161t\u011b jste-li men\u0161\u00ed podnikatel, kter\u00fd si takov\u00e9 v\u00fddaje nem\u016f\u017ee dovolit. Ud\u011blaj\u00ed to za V\u00e1s Reklamn\u00ed vlajky jsou p\u0159esn\u011b t\u00edm propaga\u010dn\u00edm p\u0159edm\u011btem, kter\u00fd V\u00e1s od drah\u00fdch a \u010dasov\u011b n\u00e1ro\u010dn\u00fdch kampan\u00ed zachr\u00e1n\u00ed. D\u00edky v\u00fd\u0161ce je nikdo nep\u0159ehl\u00e9dne a Va\u0161e logo se podv\u011bdom\u011b stane zn\u00e1mou zna\u010dkou, o kterou bude z\u00e1jem, nebo\u0165 s kvalitn\u00ed propagac\u00ed se v o\u010d\u00edch z\u00e1kazn\u00edk\u016f zved\u00e1 i presti\u017e zbo\u017e\u00ed. Vlajky si m\u016f\u017eete postavit p\u0159ed obchod na ulici, nebo je jednodu\u0161e p\u0159ev\u00e9zt kamkoliv je zrovna pot\u0159eba.                                                                                                                                                                                                                                                                                                                                                                                        4.7\/5 - (3 votes)        "},{"@context":"https:\/\/schema.org\/","@type":"BreadcrumbList","itemListElement":[{"@type":"ListItem","position":1,"name":"M\u00e1te silnou konkurenci?","item":"https:\/\/www.aplcomm.cz\/mate-silnou-konkurenci\/#breadcrumbitem"}]}]