[{"@context":"https:\/\/schema.org\/","@type":"Article","@id":"https:\/\/www.aplcomm.cz\/nuda-je-projevem-nesebevedomi\/#Article","mainEntityOfPage":"https:\/\/www.aplcomm.cz\/nuda-je-projevem-nesebevedomi\/","headline":"Nuda je projevem nesebev\u011bdom\u00ed","name":"Nuda je projevem nesebev\u011bdom\u00ed","description":"&#13; Nuda b\u00fdv\u00e1 spojov\u00e1na s nedostatkem sebev\u011bdom\u00ed a neschopnost\u00ed vytvo\u0159it si sv\u016fj vlastn\u00ed program podle sv\u00e9ho. Je a\u017e s podivem, kolik znud\u011bn\u00fdch tv\u00e1\u0159\u00ed mlad\u00fdch lid\u00ed potk\u00e1v\u00e1me (nejen) ve m\u011bstech a v\u0161ichni maj\u00ed v tomto sm\u011bru spole\u010dn\u00e9ho jmenovatele: neschopnost v\u00e9st sv\u016fj vlastn\u00ed \u017eivot a \u0159\u00eddit se podle ciz\u00edch vzor\u016f.&#13; M\u00edt v \u017eivot\u011b n\u011bjak\u00fd idol, nemus\u00ed b\u00fdt [&hellip;]","datePublished":"2018-12-17","dateModified":"2023-05-15","author":{"@type":"Person","@id":"https:\/\/www.aplcomm.cz\/author\/#Person","name":"","url":"https:\/\/www.aplcomm.cz\/author\/","identifier":1,"image":{"@type":"ImageObject","@id":"https:\/\/secure.gravatar.com\/avatar\/3064f57e4a87acc15ee08ce03d01afdc2a328e3d2da280f2bcfaabcbd486d62e?s=96&d=mm&r=g","url":"https:\/\/secure.gravatar.com\/avatar\/3064f57e4a87acc15ee08ce03d01afdc2a328e3d2da280f2bcfaabcbd486d62e?s=96&d=mm&r=g","height":96,"width":96}},"publisher":{"@type":"Organization","name":"aplcomm.cz","logo":{"@type":"ImageObject","@id":"\/logo.png","url":"\/logo.png","width":600,"height":60}},"image":{"@type":"ImageObject","@id":"https:\/\/www.aplcomm.cz\/wp-content\/uploads\/img_a331647_w2404_t1544262590.jpg","url":"https:\/\/www.aplcomm.cz\/wp-content\/uploads\/img_a331647_w2404_t1544262590.jpg","height":0,"width":0},"url":"https:\/\/www.aplcomm.cz\/nuda-je-projevem-nesebevedomi\/","wordCount":406,"articleBody":"&#13; Nuda b\u00fdv\u00e1 spojov\u00e1na s nedostatkem sebev\u011bdom\u00ed a neschopnost\u00ed vytvo\u0159it si sv\u016fj vlastn\u00ed program podle sv\u00e9ho. Je a\u017e s podivem, kolik znud\u011bn\u00fdch tv\u00e1\u0159\u00ed mlad\u00fdch lid\u00ed potk\u00e1v\u00e1me (nejen) ve m\u011bstech a v\u0161ichni maj\u00ed v tomto sm\u011bru spole\u010dn\u00e9ho jmenovatele: neschopnost v\u00e9st sv\u016fj vlastn\u00ed \u017eivot a \u0159\u00eddit se podle ciz\u00edch vzor\u016f.&#13; M\u00edt v \u017eivot\u011b n\u011bjak\u00fd idol, nemus\u00ed b\u00fdt zrovna na \u0161kodu, a pokud tento \u017eivotn\u00ed proces prob\u00edh\u00e1 kr\u00e1tkodob\u011b a ze vzoru jen \u010derp\u00e1me n\u011bkter\u00e9 n\u00e1m\u011bty, kter\u00e9 p\u0159etvo\u0159\u00edme nakonec k obrazu sv\u00e9mu, je to v po\u0159\u00e1dku. Nej\u010dast\u011bji to b\u00fdvaj\u00ed \u00fasp\u011b\u0161n\u00ed sportovci, herci, hudebn\u00edci, podnikatel\u00e9 a mlad\u00e1 generace se je sna\u017e\u00ed napodobit. V tomto okam\u017eiku v\u0161ak b\u00fdv\u00e1 velmi k\u0159ehk\u00e1 hranice mezi t\u00edm, j\u00edt svou vlastn\u00ed cestou, anebo b\u00fdt uspokojen v\u00fdhradn\u011b n\u011b\u010d\u00edm ciz\u00edm.&#13; &#13; Frustrace versus tvo\u0159iv\u00fd \u017eivot&#13; Nesebev\u011bdom\u00ed lid\u00e9 pak mohou m\u00edt probl\u00e9my s t\u00edm, aby p\u0159ijali vlastn\u00ed tv\u016fr\u010d\u00ed potenci\u00e1l a fakt, \u017ee nikdo z n\u00e1s nen\u00ed ni\u010d\u00ed duplik\u00e1t. Vezou se pak ve vleku za n\u011bk\u00fdm tv\u016fr\u010d\u00edm, nam\u00edsto aby tvo\u0159ili sami. Nuda je velice z\u00e1va\u017en\u00fd spole\u010densk\u00fd probl\u00e9m a v mnoha psychologicky lad\u011bn\u00fdch filmech, zvl\u00e1\u0161t\u011b za socialismu, kdy m\u011bli mlad\u00ed lid\u00e9 mnoho voln\u00e9ho \u010dasu, se tento prvek objevuje a neust\u00e1le \u0159e\u0161\u00ed.&#13; Z nudy tak\u00e9 vznikaj\u00ed problematick\u00e9 vzory chov\u00e1n\u00ed a lid\u00e9, kte\u0159\u00ed se nedok\u00e1\u017eou sami zabavit a radovat ze \u017eivota, d\u00e1vaj\u00ed svou frustraci najevo a\u017e agresivn\u00edm zp\u016fsobem a d\u00e1 se \u0159\u00edci, \u017ee se tento vzor chov\u00e1n\u00ed projevuje vandalismem a terorem.&#13; V n\u011bkter\u00fdch lidov\u00fdch moudrech se objevuje v\u011bta, \u017ee \u017eivot je p\u0159\u00edli\u0161 kr\u00e1tk\u00fd na to, abychom jej pro\u017eili pln\u00fd probl\u00e9m\u016f, nesn\u00e1z\u00ed, bolesti a se zdravotn\u00edmi probl\u00e9my. Bohu\u017eel se sou\u010dasn\u00e1 spole\u010dnost orientuje jin\u00fdm sm\u011brem, skute\u010dn\u00e9 lidsk\u00e9 hodnoty jsou \u010dasto \u0161patn\u011b interpretov\u00e1ny anebo p\u0159ehl\u00ed\u017eeny a souvis\u00ed to i s \u017eivotn\u00edm stylem mlad\u00e9 generace, kter\u00e1 hled\u00e1 vzor v t\u011bch star\u0161\u00edch, zku\u0161en\u011bj\u0161\u00edch. A pokud ti nemaj\u00ed co nab\u00eddnout, je velice t\u011b\u017ek\u00e9 udr\u017eet si sv\u00e9 mor\u00e1ln\u00ed kvality na vysok\u00e9 \u00farovni.                                                                                                                                                                                                                                                                                                                                                                                        4\/5 - (10 votes)        "},{"@context":"https:\/\/schema.org\/","@type":"BreadcrumbList","itemListElement":[{"@type":"ListItem","position":1,"name":"Nuda je projevem nesebev\u011bdom\u00ed","item":"https:\/\/www.aplcomm.cz\/nuda-je-projevem-nesebevedomi\/#breadcrumbitem"}]}]