[{"@context":"https:\/\/schema.org\/","@type":"Article","@id":"https:\/\/www.aplcomm.cz\/ovalny-bazen-7-x-3-metry-ma-optimalni-rozmery\/#Article","mainEntityOfPage":"https:\/\/www.aplcomm.cz\/ovalny-bazen-7-x-3-metry-ma-optimalni-rozmery\/","headline":"Ov\u00e1ln\u00fd baz\u00e9n 7 x 3 metry m\u00e1 optim\u00e1ln\u00ed rozm\u011bry","name":"Ov\u00e1ln\u00fd baz\u00e9n 7 x 3 metry m\u00e1 optim\u00e1ln\u00ed rozm\u011bry","description":"Baz\u00e9n pro v\u0161edn\u00ed dny i oslavy Kdo si po\u0159\u00edd\u00ed nadzemn\u00ed kulat\u00fd baz\u00e9nek o pr\u016fm\u011bru \u010dty\u0159i metry, mus\u00ed po\u010d\u00edtat s t\u00edm, \u017ee to bude sice b\u00e1je\u010dn\u00e9 osv\u011b\u017een\u00ed, zejm\u00e9na v tropick\u00fdch dnech, ale bude to n\u011bco podobn\u00e9ho, jako v\u011bt\u0161\u00ed vana. Plavat se tu ned\u00e1, ani po\u0159\u00e1dn\u011b pot\u00e1p\u011bt, sk\u00e1kat do baz\u00e9nu je prosto vylou\u010deno a tak\u00e9 nen\u00ed tato [&hellip;]","datePublished":"2023-01-15","dateModified":"2023-05-15","author":{"@type":"Person","@id":"https:\/\/www.aplcomm.cz\/author\/#Person","name":"","url":"https:\/\/www.aplcomm.cz\/author\/","identifier":1,"image":{"@type":"ImageObject","@id":"https:\/\/secure.gravatar.com\/avatar\/3064f57e4a87acc15ee08ce03d01afdc2a328e3d2da280f2bcfaabcbd486d62e?s=96&d=mm&r=g","url":"https:\/\/secure.gravatar.com\/avatar\/3064f57e4a87acc15ee08ce03d01afdc2a328e3d2da280f2bcfaabcbd486d62e?s=96&d=mm&r=g","height":96,"width":96}},"publisher":{"@type":"Organization","name":"aplcomm.cz","logo":{"@type":"ImageObject","@id":"\/logo.png","url":"\/logo.png","width":600,"height":60}},"image":{"@type":"ImageObject","@id":"https:\/\/www.aplcomm.cz\/wp-content\/uploads\/woman-g051fc20a2_640.jpg","url":"https:\/\/www.aplcomm.cz\/wp-content\/uploads\/woman-g051fc20a2_640.jpg","height":0,"width":0},"url":"https:\/\/www.aplcomm.cz\/ovalny-bazen-7-x-3-metry-ma-optimalni-rozmery\/","about":["Zbo\u017e\u00ed"],"wordCount":427,"articleBody":"   Baz\u00e9n pro v\u0161edn\u00ed dny i oslavyKdo si po\u0159\u00edd\u00ed nadzemn\u00ed kulat\u00fd baz\u00e9nek o pr\u016fm\u011bru \u010dty\u0159i metry, mus\u00ed po\u010d\u00edtat s t\u00edm, \u017ee to bude sice b\u00e1je\u010dn\u00e9 osv\u011b\u017een\u00ed, zejm\u00e9na v tropick\u00fdch dnech, ale bude to n\u011bco podobn\u00e9ho, jako v\u011bt\u0161\u00ed vana. Plavat se tu ned\u00e1, ani po\u0159\u00e1dn\u011b pot\u00e1p\u011bt, sk\u00e1kat do baz\u00e9nu je prosto vylou\u010deno a tak\u00e9 nen\u00ed tato n\u00e1dr\u017e \u017e\u00e1dnou ozdobou na zahrad\u011b, sp\u00ed\u0161e naopak. Ka\u017edop\u00e1dn\u011b bychom nem\u011bli zcela zatracovat nadzemn\u00ed baz\u00e9nky, proto\u017ee poslou\u017e\u00ed zejm\u00e9na d\u011btem. Pro n\u011b mohou b\u00fdt pro d\u011btsk\u00e9 skota\u010den\u00ed dosta\u010duj\u00edc\u00ed, a d\u011bti si tu mohou hr\u00e1t s r\u016fzn\u00fdmi plovouc\u00edmi a pot\u00e1p\u011bj\u00edc\u00edmi se hra\u010dkami. A samoz\u0159ejm\u011b po v\u00e1s budou c\u00e1kat a st\u0159\u00edkat st\u0159\u00edkac\u00edmi pistolemi, s t\u00edm byste m\u011bli jaksi po\u010d\u00edtat.Kdo se v\u0161ak rozhodne pro \u0159e\u0161en\u00ed trvalej\u0161\u00edho charakteru, tedy nap\u0159\u00edklad pro ov\u00e1ln\u00fd baz\u00e9n 7 x 3 x 1,5 https:\/\/www.bazenygluc.cz\/ovalny-bazen-be-7x3x1-5.html, m\u011bl by ji\u017e p\u0159edem m\u00edt rozmy\u0161leno, jak jej bude vyu\u017e\u00edvat. Jak \u010dasto a hlavn\u011b pro jak\u00e9 \u00fa\u010dely. Jist\u011b, \u017ee m\u00e1me na mysli v prvn\u00ed \u0159ad\u011b koup\u00e1n\u00ed, ale zapu\u0161t\u011bn\u00fd baz\u00e9n \u2013 to je tak\u00e9 p\u0159\u00edle\u017eitost pro neobvykl\u00e1 setk\u00e1n\u00ed a oslavy.Pracovn\u00ed porady \u2013 mo\u017en\u00e1 v\u00e1m to p\u0159ipad\u00e1 p\u0159\u00edli\u0161 troufal\u00e9 \u010di nevhodn\u00e9, ale co\u017e takhle uspo\u0159\u00e1dat u baz\u00e9nu pracovn\u00ed poradu s va\u0161imi kolegy? N\u011bkter\u00e9 pracovn\u00ed kolektivy udr\u017euj\u00ed dobr\u00e9 mezilidsk\u00e9 vztahy i v soukrom\u00ed, a je-li vhodn\u00e1 p\u0159\u00edle\u017eitost, jezd\u00ed spolu i na dovolenou. Za socialismu to b\u00fdvalo celkem b\u011b\u017en\u00e9, nap\u0159. na pra\u017esk\u00e9m ruzy\u0148sk\u00e9m leti\u0161ti, tak pro\u010d to nezkusit i dnes?Svatby \u2013 po\u0159\u00e1d\u00e1te ve sv\u00e9m rozv\u011btven\u00e9m p\u0159\u00edbuzenstvu svatbu? Pak byste mohli svateb\u010dan\u016fm navrhnout netradi\u010dn\u00ed pokra\u010dov\u00e1n\u00ed svatebn\u00edho dne na va\u0161\u00ed zahrad\u011b. N\u011bkte\u0159\u00ed lid\u00e9 si pro tuto p\u0159\u00edle\u017eitost pronaj\u00edmaj\u00ed party stany, vy byste mohli nab\u00eddnout krom\u011b stanu i baz\u00e9n. Svateb\u010dan\u00e9 v plavk\u00e1ch se v\u00edce uvoln\u00ed, bude tu v\u011bt\u0161\u00ed prostor pro vz\u00e1jemn\u00e9 rozhovory a pro navazov\u00e1n\u00ed bli\u017e\u0161\u00edch p\u0159\u00e1telstv\u00ed. Ta mohou vzniknout i pod vodou a klidn\u011b se m\u016f\u017ee st\u00e1t, \u017ee bude d\u00edky tomu na obzoru i dal\u0161\u00ed svatba.                                                                                                                                                                                                                                                                                                                                                                                          4.5\/5 - (11 votes)        "},{"@context":"https:\/\/schema.org\/","@type":"BreadcrumbList","itemListElement":[{"@type":"ListItem","position":1,"name":"Ov\u00e1ln\u00fd baz\u00e9n 7 x 3 metry m\u00e1 optim\u00e1ln\u00ed rozm\u011bry","item":"https:\/\/www.aplcomm.cz\/ovalny-bazen-7-x-3-metry-ma-optimalni-rozmery\/#breadcrumbitem"}]}]