[{"@context":"https:\/\/schema.org\/","@type":"Article","@id":"https:\/\/www.aplcomm.cz\/sedaci-soupravy-s-kresly\/#Article","mainEntityOfPage":"https:\/\/www.aplcomm.cz\/sedaci-soupravy-s-kresly\/","headline":"Sedac\u00ed soupravy s k\u0159esly","name":"Sedac\u00ed soupravy s k\u0159esly","description":"Jestli je n\u011bco, co nesm\u00ed chyb\u011bt v \u017e\u00e1dn\u00e9m ob\u00fdvac\u00edm pokoji, pak je to pr\u00e1v\u011b seda\u010dka \u010di pohovka. Pokud takovou pohovku dopln\u00edte je\u0161t\u011b o k\u0159esla, pak jist\u011b neud\u011bl\u00e1te chybu. V dne\u0161n\u00ed dob\u011b u\u017e ale lid\u00e9 k\u0159esla a\u017e tak nekupuj\u00ed, co\u017e je ur\u010dit\u011b velk\u00e1 \u0161koda. Je toti\u017e mnohem lep\u0161\u00ed, pokud m\u00e1te v\u00edce mo\u017enost\u00ed, kam usadit p\u0159\u00edpadnou n\u00e1v\u0161t\u011bvu. [&hellip;]","datePublished":"2019-09-21","dateModified":"2023-05-15","author":{"@type":"Person","@id":"https:\/\/www.aplcomm.cz\/author\/#Person","name":"","url":"https:\/\/www.aplcomm.cz\/author\/","identifier":1,"image":{"@type":"ImageObject","@id":"https:\/\/secure.gravatar.com\/avatar\/3064f57e4a87acc15ee08ce03d01afdc2a328e3d2da280f2bcfaabcbd486d62e?s=96&d=mm&r=g","url":"https:\/\/secure.gravatar.com\/avatar\/3064f57e4a87acc15ee08ce03d01afdc2a328e3d2da280f2bcfaabcbd486d62e?s=96&d=mm&r=g","height":96,"width":96}},"publisher":{"@type":"Organization","name":"aplcomm.cz","logo":{"@type":"ImageObject","@id":"\/logo.png","url":"\/logo.png","width":600,"height":60}},"image":{"@type":"ImageObject","@id":"https:\/\/www.aplcomm.cz\/wp-content\/uploads\/img_a362489_w1981_t1575624727.jpg","url":"https:\/\/www.aplcomm.cz\/wp-content\/uploads\/img_a362489_w1981_t1575624727.jpg","height":0,"width":0},"url":"https:\/\/www.aplcomm.cz\/sedaci-soupravy-s-kresly\/","about":["Pen\u00edze"],"wordCount":429,"articleBody":"      Jestli je n\u011bco, co nesm\u00ed chyb\u011bt v \u017e\u00e1dn\u00e9m ob\u00fdvac\u00edm pokoji, pak je to pr\u00e1v\u011b seda\u010dka \u010di pohovka. Pokud takovou pohovku dopln\u00edte je\u0161t\u011b o k\u0159esla, pak jist\u011b neud\u011bl\u00e1te chybu. V dne\u0161n\u00ed dob\u011b u\u017e ale lid\u00e9 k\u0159esla a\u017e tak nekupuj\u00ed, co\u017e je ur\u010dit\u011b velk\u00e1 \u0161koda. Je toti\u017e mnohem lep\u0161\u00ed, pokud m\u00e1te v\u00edce mo\u017enost\u00ed, kam usadit p\u0159\u00edpadnou n\u00e1v\u0161t\u011bvu. Ur\u010dit\u011b je mnohem pohodln\u011bj\u0161\u00ed sed\u011bt v p\u0159\u00edjemn\u00e9m k\u0159esle, ne\u017e na nepohodln\u00e9 \u017eidli. Jestli se ale pro sedac\u00ed soupravy s k\u0159esly rozhodnete, \u010di nikoliv, z\u00e1vis\u00ed \u010dist\u011b jen na v\u00e1s. Rozhodn\u011b bychom v\u00e1m takovou sedac\u00ed soupravu, kter\u00e1 bude zahrnovat i k\u0159esla, v\u00edce ne\u017e doporu\u010dili. V\u017edy je dobr\u00e9 myslet nejen na pohodl\u00ed sebe, ale tak\u00e9 ostatn\u00edch. Ur\u010dit\u011b i vy byste se c\u00edtili l\u00e9pe, kdybyste mohli sed\u011bt na m\u011bkk\u00e9m, ne\u017e na tvrd\u00e9m.  Pokud je n\u011bco, na co byste se m\u011bli zam\u011b\u0159it p\u0159i v\u00fdb\u011bru takov\u00e9 soupravy, pak je to to, jestli nab\u00edz\u00ed prostory s mo\u017enost\u00ed uskladn\u011bn\u00ed pot\u0159ebn\u00fdch v\u011bc\u00ed, jako jsou nap\u0159\u00edklad deky apod. D\u00edky tomu toti\u017e z\u00edsk\u00e1te dal\u0161\u00ed m\u00edsto, kde bude mo\u017en\u00e9 ukl\u00e1dat v\u0161echny va\u0161e v\u011bci. V dne\u0161n\u00ed dob\u011b nav\u00edc existuje velk\u00e1 spousta materi\u00e1l\u016f, ze kter\u00fdch se takov\u00e9 soupravy vyr\u00e1b\u00ed. Je tedy z \u010deho vyb\u00edrat. Ne ka\u017ed\u00fd materi\u00e1l je ale tak vhodn\u00fd, jak byste si mohli myslet. Jestli\u017ee m\u00e1te mal\u00e9 d\u011bti, pak v\u00e1m doporu\u010dujeme zvolit takov\u00fd materi\u00e1l, kter\u00fd se d\u00e1 velmi jednodu\u0161e o\u010distit. Jestli\u017ee existuje materi\u00e1l, se kter\u00fdm se d\u00e1 snadno pracovat, pak je to jist\u011b k\u016f\u017ee. Pokud se jedn\u00e1 o k\u016f\u017ei pravou, pak jist\u011b sami v\u00edte, \u017ee se nejedn\u00e1 o nic, co by bylo cenov\u011b nejlevn\u011bj\u0161\u00ed. Zkusit ale m\u016f\u017eete ekok\u016f\u017ei, kter\u00e1 je mnohem levn\u011bj\u0161\u00ed, ale stejn\u011b kvalitn\u00ed.  P\u0159i po\u0159izov\u00e1n\u00ed byste tak\u00e9 m\u011bli myslet na to, \u017ee by souprava s k\u0159esly m\u011bla b\u00fdt variabiln\u00ed. N\u011bco takov\u00e9ho se toti\u017e v\u00edce ne\u017e vyplat\u00ed. Nebojte se va\u0161i starou seda\u010dku vym\u011bnit za modern\u011bj\u0161\u00ed kousek, kter\u00fd se jist\u011b do va\u0161eho interi\u00e9ru bude hodit mnohem l\u00e9pe. Pokud existuje investice, kter\u00e1 se jist\u011b v\u00edce ne\u017e vyplat\u00ed, pak je to pr\u00e1v\u011b do sedac\u00ed soupravy.                                                                                                                                                                                                                                                                                                                                                                                           4.1\/5 - (7 votes)        "},{"@context":"https:\/\/schema.org\/","@type":"BreadcrumbList","itemListElement":[{"@type":"ListItem","position":1,"name":"Sedac\u00ed soupravy s k\u0159esly","item":"https:\/\/www.aplcomm.cz\/sedaci-soupravy-s-kresly\/#breadcrumbitem"}]}]