[{"@context":"https:\/\/schema.org\/","@type":"Article","@id":"https:\/\/www.aplcomm.cz\/splnte-si-svuj-dlouholety-sen-o-dlouhe-hrive\/#Article","mainEntityOfPage":"https:\/\/www.aplcomm.cz\/splnte-si-svuj-dlouholety-sen-o-dlouhe-hrive\/","headline":"Spl\u0148te si sv\u016fj dlouholet\u00fd sen o dlouh\u00e9 h\u0159\u00edv\u011b","name":"Spl\u0148te si sv\u016fj dlouholet\u00fd sen o dlouh\u00e9 h\u0159\u00edv\u011b","description":"U\u017e odmali\u010dka jste si p\u0159\u00e1la m\u00edt dlouhou, hustou h\u0159\u00edvu, ale m\u00edsto toho je m\u00e1te \u0159\u00eddk\u00e9 a kr\u00e1tk\u00e9? Tr\u00e1p\u00edte se t\u00edm, ale nev\u00edte, co s t\u00edm? My to v\u00edme a v\u00e1\u0161 probl\u00e9m v\u00e1m vy\u0159e\u0161\u00edme b\u011bhem jednoho dne. Spln\u00edme v\u00e1m dlouholet\u00fd sen, jenom n\u00e1s nechte odv\u00e9st opravdu dokonalou pr\u00e1ci d\u00edky prodlou\u017een\u00ed vlas\u016f. V\u00e1\u0161 sen, se stane opravdovou [&hellip;]","datePublished":"2025-01-01","dateModified":"2025-01-01","author":{"@type":"Person","@id":"https:\/\/www.aplcomm.cz\/author\/#Person","name":"","url":"https:\/\/www.aplcomm.cz\/author\/","identifier":1,"image":{"@type":"ImageObject","@id":"https:\/\/secure.gravatar.com\/avatar\/3064f57e4a87acc15ee08ce03d01afdc2a328e3d2da280f2bcfaabcbd486d62e?s=96&d=mm&r=g","url":"https:\/\/secure.gravatar.com\/avatar\/3064f57e4a87acc15ee08ce03d01afdc2a328e3d2da280f2bcfaabcbd486d62e?s=96&d=mm&r=g","height":96,"width":96}},"publisher":{"@type":"Organization","name":"aplcomm.cz","logo":{"@type":"ImageObject","@id":"\/logo.png","url":"\/logo.png","width":600,"height":60}},"url":"https:\/\/www.aplcomm.cz\/splnte-si-svuj-dlouholety-sen-o-dlouhe-hrive\/","wordCount":183,"articleBody":" U\u017e odmali\u010dka jste si p\u0159\u00e1la m\u00edt dlouhou, hustou h\u0159\u00edvu, ale m\u00edsto toho je m\u00e1te \u0159\u00eddk\u00e9 a kr\u00e1tk\u00e9? Tr\u00e1p\u00edte se t\u00edm, ale nev\u00edte, co s t\u00edm? My to v\u00edme a v\u00e1\u0161 probl\u00e9m v\u00e1m vy\u0159e\u0161\u00edme b\u011bhem jednoho dne. Spln\u00edme v\u00e1m dlouholet\u00fd sen, jenom n\u00e1s nechte odv\u00e9st opravdu dokonalou pr\u00e1ci d\u00edky prodlou\u017een\u00ed vlas\u016f. V\u00e1\u0161 sen, se stane opravdovou skute\u010dnost\u00ed. Tak jen do toho, spl\u0148te si to, po \u010dem jste v\u017edy tou\u017eila. S na\u0161\u00ed pomoc\u00ed si m\u016f\u017eete d\u011blat spoustu nov\u00fdch V\u017edy jste z\u00e1vid\u011bla \u017een\u00e1m, kter\u00e9 si mohou d\u011blat r\u016fzn\u00e9 \u00fa\u010desy, ale nem\u016f\u017eete, proto\u017e nem\u00e1te tak dlouhou h\u0159\u00edvu, abyste z n\u00ed n\u011bco vykouzlila? Nelamte si s t\u00edm hlavu, proto\u017ee my v\u00e1m se v\u0161\u00edm pom\u016f\u017eeme a v\u00e1\u0161 probl\u00e9m hrav\u011b vy\u0159e\u0161\u00edme. Nechte si prodlou\u017eit vlasy a uvid\u00edte, \u017ee \u017e\u00e1dn\u00fd \u00fa\u010des pro v\u00e1s nebude probl\u00e9m.                                                                                                                                                                                                                                                                                                                                                                                        5\/5 - (1 vote)        "},{"@context":"https:\/\/schema.org\/","@type":"BreadcrumbList","itemListElement":[{"@type":"ListItem","position":1,"name":"Spl\u0148te si sv\u016fj dlouholet\u00fd sen o dlouh\u00e9 h\u0159\u00edv\u011b","item":"https:\/\/www.aplcomm.cz\/splnte-si-svuj-dlouholety-sen-o-dlouhe-hrive\/#breadcrumbitem"}]}]