[{"@context":"https:\/\/schema.org\/","@type":"Article","@id":"https:\/\/www.aplcomm.cz\/tady-je-nam-proste-dobre\/#Article","mainEntityOfPage":"https:\/\/www.aplcomm.cz\/tady-je-nam-proste-dobre\/","headline":"Tady je n\u00e1m prost\u011b dob\u0159e","name":"Tady je n\u00e1m prost\u011b dob\u0159e","description":"Kuchyn\u011b je m\u00edstnost\u00ed, ve kter\u00e9 tr\u00e1v\u00edme nejv\u00edce \u010dasu. Setk\u00e1v\u00e1me se zde s rodinou u rychl\u00e9 rann\u00ed sn\u00eddan\u011b nebo u polosv\u00e1te\u010dn\u00edho ned\u011bln\u00edho ob\u011bda. I n\u00e1v\u0161t\u011bvy si rad\u011bji k\u00e1vu vypij\u00ed rad\u011bji v kuchyni ne\u017e v ob\u00fdvac\u00edm pokoji. Zde se c\u00edt\u00edme prost\u011b dob\u0159e. Tato m\u00edstnost p\u0159edstavuje srdce ka\u017ed\u00e9 dom\u00e1cnosti. Nen\u00ed tedy divu, \u017ee n\u00e1m z\u00e1le\u017e\u00ed na celkov\u00e9m vybaven\u00ed. [&hellip;]","datePublished":"2024-12-24","dateModified":"2024-12-24","author":{"@type":"Person","@id":"https:\/\/www.aplcomm.cz\/author\/#Person","name":"","url":"https:\/\/www.aplcomm.cz\/author\/","identifier":1,"image":{"@type":"ImageObject","@id":"https:\/\/secure.gravatar.com\/avatar\/3064f57e4a87acc15ee08ce03d01afdc2a328e3d2da280f2bcfaabcbd486d62e?s=96&d=mm&r=g","url":"https:\/\/secure.gravatar.com\/avatar\/3064f57e4a87acc15ee08ce03d01afdc2a328e3d2da280f2bcfaabcbd486d62e?s=96&d=mm&r=g","height":96,"width":96}},"publisher":{"@type":"Organization","name":"aplcomm.cz","logo":{"@type":"ImageObject","@id":"\/logo.png","url":"\/logo.png","width":600,"height":60}},"url":"https:\/\/www.aplcomm.cz\/tady-je-nam-proste-dobre\/","wordCount":179,"articleBody":"Kuchyn\u011b je m\u00edstnost\u00ed, ve kter\u00e9 tr\u00e1v\u00edme nejv\u00edce \u010dasu. Setk\u00e1v\u00e1me se zde s rodinou u rychl\u00e9 rann\u00ed sn\u00eddan\u011b nebo u polosv\u00e1te\u010dn\u00edho ned\u011bln\u00edho ob\u011bda. I n\u00e1v\u0161t\u011bvy si rad\u011bji k\u00e1vu vypij\u00ed rad\u011bji v kuchyni ne\u017e v ob\u00fdvac\u00edm pokoji. Zde se c\u00edt\u00edme prost\u011b dob\u0159e. Tato m\u00edstnost p\u0159edstavuje srdce ka\u017ed\u00e9 dom\u00e1cnosti. Nen\u00ed tedy divu, \u017ee n\u00e1m z\u00e1le\u017e\u00ed na celkov\u00e9m vybaven\u00ed.   Dejte si opravdu z\u00e1le\u017eet Co se vybaven\u00ed t\u00fd\u010de, m\u011bli byste si opravdu d\u00e1t z\u00e1le\u017eet. Ur\u010dit\u011b se vyplat\u00ed investovat do kuchyn\u00ed na m\u00edru. Toto \u0159e\u0161en\u00ed je prost\u011b o n\u011b\u010dem jin\u00e9m. Jedn\u00e1 se o volbu, se kterou ur\u010dit\u011b budete maxim\u00e1ln\u011b spokojeni, a proto byste se m\u011bli co nejd\u0159\u00edve zamyslet nad t\u00edm, komu zad\u00e1te v\u00fdrobu sv\u00e9 komfortn\u00ed a kr\u00e1sn\u00e9 kuchy\u0148sk\u00e9 linky. Proto\u017ee dobr\u00e1 firma pro V\u00e1s je prost\u011b jen ta nejlep\u0161\u00ed.                                                                                                                                                                                                                                                                                                                                                                                         4\/5 - (2 votes)        "},{"@context":"https:\/\/schema.org\/","@type":"BreadcrumbList","itemListElement":[{"@type":"ListItem","position":1,"name":"Tady je n\u00e1m prost\u011b dob\u0159e","item":"https:\/\/www.aplcomm.cz\/tady-je-nam-proste-dobre\/#breadcrumbitem"}]}]