[{"@context":"https:\/\/schema.org\/","@type":"Article","@id":"https:\/\/www.aplcomm.cz\/tehotenske-a-novorozenecke-foceni\/#Article","mainEntityOfPage":"https:\/\/www.aplcomm.cz\/tehotenske-a-novorozenecke-foceni\/","headline":"T\u011bhotensk\u00e9 a novorozeneck\u00e9 focen\u00ed","name":"T\u011bhotensk\u00e9 a novorozeneck\u00e9 focen\u00ed","description":"V pr\u016fb\u011bhu t\u011bhotenstv\u00ed p\u0159ed p\u0159\u00edchodem miminka mysl\u00edte \u010dasto na to, jak toto obdob\u00ed rychle ute\u010de a v\u00e1\u0161 mal\u00fd uzl\u00ed\u010dek bude na sv\u011bt\u011b. Kr\u00e1snou vzpom\u00ednkou na toto obdob\u00ed jsou fotografie s b\u0159\u00ed\u0161kem a po porodu s miminkem v n\u00e1ru\u010d\u00ed, na kter\u00fdch by nem\u011bl chyb\u011bt v\u00e1\u0161 partner, pro kter\u00e9ho to jist\u011b bude tak\u00e9 nezapomenuteln\u00fd z\u00e1\u017eitek.&#13; &#13; &#13; [&hellip;]","datePublished":"2020-02-02","dateModified":"2023-05-15","author":{"@type":"Person","@id":"https:\/\/www.aplcomm.cz\/author\/#Person","name":"","url":"https:\/\/www.aplcomm.cz\/author\/","identifier":1,"image":{"@type":"ImageObject","@id":"https:\/\/secure.gravatar.com\/avatar\/3064f57e4a87acc15ee08ce03d01afdc2a328e3d2da280f2bcfaabcbd486d62e?s=96&d=mm&r=g","url":"https:\/\/secure.gravatar.com\/avatar\/3064f57e4a87acc15ee08ce03d01afdc2a328e3d2da280f2bcfaabcbd486d62e?s=96&d=mm&r=g","height":96,"width":96}},"publisher":{"@type":"Organization","name":"aplcomm.cz","logo":{"@type":"ImageObject","@id":"\/logo.png","url":"\/logo.png","width":600,"height":60}},"image":{"@type":"ImageObject","@id":"https:\/\/www.aplcomm.cz\/wp-content\/uploads\/img_a370256_w4390_t1582021786.jpg","url":"https:\/\/www.aplcomm.cz\/wp-content\/uploads\/img_a370256_w4390_t1582021786.jpg","height":0,"width":0},"url":"https:\/\/www.aplcomm.cz\/tehotenske-a-novorozenecke-foceni\/","about":["\u017deny"],"wordCount":387,"articleBody":"V pr\u016fb\u011bhu t\u011bhotenstv\u00ed p\u0159ed p\u0159\u00edchodem miminka mysl\u00edte \u010dasto na to, jak toto obdob\u00ed rychle ute\u010de a v\u00e1\u0161 mal\u00fd uzl\u00ed\u010dek bude na sv\u011bt\u011b. Kr\u00e1snou vzpom\u00ednkou na toto obdob\u00ed jsou fotografie s b\u0159\u00ed\u0161kem a po porodu s miminkem v n\u00e1ru\u010d\u00ed, na kter\u00fdch by nem\u011bl chyb\u011bt v\u00e1\u0161 partner, pro kter\u00e9ho to jist\u011b bude tak\u00e9 nezapomenuteln\u00fd z\u00e1\u017eitek.&#13; &#13; &#13; T\u011bhotensk\u00e9 focen\u00ed se doporu\u010duje absolvovat nejpozd\u011bji m\u011bs\u00edc p\u0159ed p\u0159edpokl\u00e1dan\u00fdm datem porodu a je mo\u017en\u00e9 jej zasadit do prost\u0159ed\u00ed ateli\u00e9ru nebo fotit venku v p\u0159\u00edrod\u011b, z\u00e1le\u017e\u00ed na p\u0159\u00e1n\u00ed rodi\u010d\u016f a na po\u010das\u00ed. N\u011bkdo preferuje odhalen\u011bj\u0161\u00ed partnersk\u00e9 fotky s vystoupl\u00fdm b\u0159\u00ed\u0161kem, jin\u00fd exteri\u00e9rov\u00e9 fotky v kr\u00e1sn\u00e9 p\u0159\u00edrod\u011b. T\u011bhotensk\u00e9 focen\u00ed mus\u00ed b\u00fdt partner\u016fm p\u0159\u00edjemn\u00e9, uvoln\u011bn\u00e1 atmosf\u00e9ra se odr\u00e1\u017e\u00ed na kone\u010dn\u00e9m v\u00fdsledku. Obl\u00edben\u00e9 jsou srovn\u00e1vac\u00ed fotky, kdy si maminka dr\u017e\u00ed b\u0159\u00ed\u0161ko a n\u00e1sleduje foto ve stejn\u00e9 poloze ji\u017e s narozen\u00fdm miminkem.&#13; &#13; &#13; Focen\u00ed \u010derstv\u011b narozen\u00fdch miminek je dnes velmi popul\u00e1rn\u00ed, tzv. newborn focen\u00ed prob\u00edh\u00e1 do deseti dn\u016f po porodu bu\u010f v ateli\u00e9ru nebo v dom\u00e1c\u00edm prost\u0159ed\u00ed (v\u00fdjezd fotografa je samoz\u0159ejm\u011b dra\u017e\u0161\u00ed variantou). Focen\u00ed v ateli\u00e9ru prob\u00edh\u00e1 za p\u0159irozen\u00e9ho sv\u011btla, kdy mus\u00ed b\u00fdt dodr\u017eena z\u00e1kladn\u00ed pravidla, klid, pohoda v\u0161ech z\u00fa\u010dastn\u011bn\u00fdch, vy\u0161\u0161\u00ed teplota v m\u00edstnosti a v neposledn\u00ed \u0159ad\u011b laskav\u00e9 ruce a profesion\u00e1ln\u00ed p\u0159\u00edstup fotografa. S miminky star\u00e9 p\u00e1r dn\u00ed je jednodu\u0161\u0161\u00ed manipulace a focen\u00ed ve v\u011bt\u0161in\u011b p\u0159\u00edpad\u016f prosp\u00ed. Fotograf je tedy m\u016f\u017ee naaran\u017eovat do ko\u0161\u00edk\u016f, post\u00fdlek, zabalit je do \u0161\u00e1tk\u016f \u010di roztomil\u00fdch oble\u010dk\u016f dle p\u0159\u00e1n\u00ed rodi\u010d\u016f. V\u00fdsledkem jsou kouzeln\u00e9 fotky do rodinn\u00e9ho alba, nad kter\u00fdmi se budou rozpl\u00fdvat nejen babi\u010dky.&#13; &#13; Pokud z n\u011bjak\u00fdch d\u016fvod\u016f nestihnete newborn focen\u00ed, nezoufejte. Kouzeln\u00e9 fotky se daj\u00ed po\u0159\u00eddit kdykoli. N\u00e1dhern\u00e9 fotky b\u00fdvaj\u00ed se star\u0161\u00edmi sourozenci nebo s rekvizitami \u0161it\u00fdmi na m\u00edru (tat\u00ednek motork\u00e1\u0159 s miminkem v helm\u011b nebo policista s miminkem zabalen\u00fdm v jeho pracovn\u00ed ko\u0161ili).&#13; &#13; &#13;                                                                                                                                                                                                                                                                                                                                                                                         4\/5 - (10 votes)        "},{"@context":"https:\/\/schema.org\/","@type":"BreadcrumbList","itemListElement":[{"@type":"ListItem","position":1,"name":"T\u011bhotensk\u00e9 a novorozeneck\u00e9 focen\u00ed","item":"https:\/\/www.aplcomm.cz\/tehotenske-a-novorozenecke-foceni\/#breadcrumbitem"}]}]