[{"@context":"https:\/\/schema.org\/","@type":"Article","@id":"https:\/\/www.aplcomm.cz\/v-logistice-se-opravdu-vyzname\/#Article","mainEntityOfPage":"https:\/\/www.aplcomm.cz\/v-logistice-se-opravdu-vyzname\/","headline":"V logistice se opravdu vyzn\u00e1me","name":"V logistice se opravdu vyzn\u00e1me","description":"Jestli hled\u00e1te n\u011bkoho, kdo by V\u00e1m poskytl ty nejlep\u0161\u00ed slu\u017eby, co se dopravy t\u00fd\u010de, m\u016f\u017eete si b\u00fdt opravdu jist\u00ed t\u00edm, \u017ee my jsme pro V\u00e1s ta spr\u00e1vn\u00e1 volba. Na trhu u\u017e se pohybujeme p\u011bknou \u0159\u00e1dku let, a d\u00edky tomu m\u00e1me s\u00a0logistikouopravdu dobr\u00e9 zku\u0161enosti, kter\u00e9 m\u016f\u017eeme nab\u00eddnout i V\u00e1m. Tak\u017ee sta\u010d\u00ed, kdy\u017e n\u00e1s kontaktujete, a my [&hellip;]","datePublished":"2024-04-28","dateModified":"2024-04-28","author":{"@type":"Person","@id":"https:\/\/www.aplcomm.cz\/author\/#Person","name":"","url":"https:\/\/www.aplcomm.cz\/author\/","identifier":1,"image":{"@type":"ImageObject","@id":"https:\/\/secure.gravatar.com\/avatar\/3064f57e4a87acc15ee08ce03d01afdc2a328e3d2da280f2bcfaabcbd486d62e?s=96&d=mm&r=g","url":"https:\/\/secure.gravatar.com\/avatar\/3064f57e4a87acc15ee08ce03d01afdc2a328e3d2da280f2bcfaabcbd486d62e?s=96&d=mm&r=g","height":96,"width":96}},"publisher":{"@type":"Organization","name":"aplcomm.cz","logo":{"@type":"ImageObject","@id":"\/logo.png","url":"\/logo.png","width":600,"height":60}},"url":"https:\/\/www.aplcomm.cz\/v-logistice-se-opravdu-vyzname\/","wordCount":262,"articleBody":"Jestli hled\u00e1te n\u011bkoho, kdo by V\u00e1m poskytl ty nejlep\u0161\u00ed slu\u017eby, co se dopravy t\u00fd\u010de, m\u016f\u017eete si b\u00fdt opravdu jist\u00ed t\u00edm, \u017ee my jsme pro V\u00e1s ta spr\u00e1vn\u00e1 volba. Na trhu u\u017e se pohybujeme p\u011bknou \u0159\u00e1dku let, a d\u00edky tomu m\u00e1me s\u00a0logistikouopravdu dobr\u00e9 zku\u0161enosti, kter\u00e9 m\u016f\u017eeme nab\u00eddnout i V\u00e1m. Tak\u017ee sta\u010d\u00ed, kdy\u017e n\u00e1s kontaktujete, a my u\u017e se postar\u00e1me o to, aby Va\u0161e z\u00e1silka dorazila v\u00a0po\u0159\u00e1dku a v\u010das do c\u00edle, a\u0165 u\u017e se jej\u00ed c\u00edl nach\u00e1z\u00ed v\u00a0zahrani\u010d\u00ed nebo t\u0159eba v\u00a0na\u0161\u00ed zemi. Z\u00e1le\u017e\u00ed pouze na Va\u0161ich po\u017eadavc\u00edch a m\u016f\u017eete si b\u00fdt jist\u00ed t\u00edm, \u017ee ud\u011bl\u00e1me maxim pro to, abychom je vyplnili.\tNa\u0161e slu\u017eby jsou tu pr\u00e1v\u011b pro V\u00e1sTak\u017ee pokud se rozhodnete vyu\u017e\u00edt na\u0161ich slu\u017eeb, rozhodn\u011b nebudete litovat. M\u016f\u017eeme V\u00e1m toti\u017e nab\u00eddnout tak\u00e9 n\u011bco nav\u00edc, co\u017e je nap\u0159\u00edklad mo\u017enost sledov\u00e1n\u00ed z\u00e1silky, a d\u00edky t\u00e9to mo\u017enosti budete v\u017edy v\u011bd\u011bt, kde se pr\u00e1v\u011b Va\u0161e z\u00e1silka nach\u00e1z\u00ed a jak daleko to m\u00e1 do c\u00edle. D\u00e1le u n\u00e1s m\u016f\u017eete vyu\u017e\u00edt t\u0159eba i expres, ten se V\u00e1m bude hodit v\u00a0p\u0159\u00edpad\u011b, \u017ee budete pot\u0159ebovat n\u011bjakou z\u00e1silku doru\u010dit na m\u00edsto opravdu za co nejkrat\u0161\u00ed mo\u017enou dobu.                                                                                                                                                                                                                                                                                                                                                                                        4.4\/5 - (11 votes)        "},{"@context":"https:\/\/schema.org\/","@type":"BreadcrumbList","itemListElement":[{"@type":"ListItem","position":1,"name":"V logistice se opravdu vyzn\u00e1me","item":"https:\/\/www.aplcomm.cz\/v-logistice-se-opravdu-vyzname\/#breadcrumbitem"}]}]