[{"@context":"https:\/\/schema.org\/","@type":"Article","@id":"https:\/\/www.aplcomm.cz\/vzacne-koreni-zvane-kurkuma\/#Article","mainEntityOfPage":"https:\/\/www.aplcomm.cz\/vzacne-koreni-zvane-kurkuma\/","headline":"Vz\u00e1cn\u00e9 ko\u0159en\u00ed zvan\u00e9 kurkuma","name":"Vz\u00e1cn\u00e9 ko\u0159en\u00ed zvan\u00e9 kurkuma","description":"Kurkuma je naz\u00fdv\u00e1na jako indick\u00fd \u0161afr\u00e1n. V oblasti Indie si tohoto ko\u0159en\u00ed velice cenn\u00ed a to pro sv\u00e9 v\u00fdjime\u010dn\u00e9 zabarven\u00ed a typicky zemitou a jemn\u011b \u0161tiplavou chu\u0165, ale tak\u00e9 kv\u016fli cenn\u00fdm l\u00e1tk\u00e1m, kter\u00e9 jsou obsa\u017een\u00e9 pr\u00e1v\u011b v tomto ko\u0159en\u00ed. Typick\u00e1 kurkuma je \u017elut\u00e1 a jedn\u00e1 se o pr\u00e1\u0161ek. Z \u010deho poch\u00e1z\u00ed? Samoz\u0159ejm\u011b z rostliny. Jedn\u00e1 [&hellip;]","datePublished":"2020-07-18","dateModified":"2023-05-15","author":{"@type":"Person","@id":"https:\/\/www.aplcomm.cz\/author\/#Person","name":"","url":"https:\/\/www.aplcomm.cz\/author\/","identifier":1,"image":{"@type":"ImageObject","@id":"https:\/\/secure.gravatar.com\/avatar\/3064f57e4a87acc15ee08ce03d01afdc2a328e3d2da280f2bcfaabcbd486d62e?s=96&d=mm&r=g","url":"https:\/\/secure.gravatar.com\/avatar\/3064f57e4a87acc15ee08ce03d01afdc2a328e3d2da280f2bcfaabcbd486d62e?s=96&d=mm&r=g","height":96,"width":96}},"publisher":{"@type":"Organization","name":"aplcomm.cz","logo":{"@type":"ImageObject","@id":"\/logo.png","url":"\/logo.png","width":600,"height":60}},"image":{"@type":"ImageObject","@id":"https:\/\/www.aplcomm.cz\/wp-content\/uploads\/kurkuma%20ko%C5%99en_1.jpg","url":"https:\/\/www.aplcomm.cz\/wp-content\/uploads\/kurkuma%20ko%C5%99en_1.jpg","height":0,"width":0},"url":"https:\/\/www.aplcomm.cz\/vzacne-koreni-zvane-kurkuma\/","about":["Zbo\u017e\u00ed"],"wordCount":465,"articleBody":"       Kurkuma je naz\u00fdv\u00e1na jako indick\u00fd \u0161afr\u00e1n. V oblasti Indie si tohoto ko\u0159en\u00ed velice cenn\u00ed a to pro sv\u00e9 v\u00fdjime\u010dn\u00e9 zabarven\u00ed a typicky zemitou a jemn\u011b \u0161tiplavou chu\u0165, ale tak\u00e9 kv\u016fli cenn\u00fdm l\u00e1tk\u00e1m, kter\u00e9 jsou obsa\u017een\u00e9 pr\u00e1v\u011b v tomto ko\u0159en\u00ed. Typick\u00e1 kurkuma je \u017elut\u00e1 a jedn\u00e1 se o pr\u00e1\u0161ek. Z \u010deho poch\u00e1z\u00ed? Samoz\u0159ejm\u011b z rostliny. Jedn\u00e1 se o rostlinu zvanou kurkumovn\u00edk dlouh\u00fd. Jeho oddenek se zpracov\u00e1v\u00e1, su\u0161\u00ed a mele na typicky \u017elut\u011b zbarven\u00fd pr\u00e1\u0161ek. Obsahuje kolem 5 procent \u00e9terick\u00fdch olej\u016f.Zn\u00e1m\u00e9 z kari ko\u0159en\u00edKurkuma b\u00fdv\u00e1 klasicky p\u0159id\u00e1v\u00e1na do kari ko\u0159en\u00ed. Odtud ji mo\u017en\u00e1 zn\u00e1te. Pr\u00e1v\u011b kari ko\u0159en\u00ed je \u017elut\u011b zbarven\u00e9 d\u00edky kurkum\u011b.Poch\u00e1z\u00ed p\u016fvodn\u011b z Asie a p\u0159ilehl\u00fdch oblast\u00ed a hojn\u011b se v posledn\u00edch letech pou\u017e\u00edv\u00e1 po cel\u00e9m sv\u011bt\u011b. Je sice zn\u00e1m\u00e1 ji\u017e tis\u00edce let, ale oblibu si z\u00edskala a\u017e v podstat\u011b v modern\u00edm sv\u011bt\u011b, kde se chut\u011b z cel\u00e9ho sv\u011bta m\u00eds\u00ed a to snad na ka\u017ed\u00e9m kontinentu, tak\u017ee i u n\u00e1s m\u016f\u017eete naj\u00edt r\u016fzn\u00e9 druhy kari ko\u0159en\u00ed a dokonce v restaurac\u00edch j\u00eddla, do kter\u00fdch se p\u0159id\u00e1v\u00e1 pr\u00e1v\u011b toto vz\u00e1cn\u00e9 ko\u0159en\u00ed.Svou oblibu si na\u0161la v indick\u00e9, asijsk\u00e9, p\u00e1kist\u00e1nsk\u00e9 a thajsk\u00e9 kuchyni.Mo\u017en\u00e1 V\u00e1s napadla ot\u00e1zka, kurkuma kde koupit se d\u00e1 snadno a rychle, tak mus\u00edme odpov\u011bd\u011bt, \u017ee velice snadn\u00fdm zp\u016fsobem je objedn\u00e1n\u00ed z internetu. Tam si m\u016f\u017eete vybrat p\u0159esn\u011b produkt podle sv\u00fdch p\u0159edstav a pot\u0159eb.Tam si m\u016f\u017eete vybrat p\u0159esn\u011b produkt podle sv\u00fdch p\u0159edstav a pot\u0159eb. Naj\u00edt ji m\u016f\u017eete ve form\u011b typick\u00e9ho pr\u00e1\u0161ku, ale tak\u00e9 jako tablety, kter\u00e9 dopln\u00ed spoustu cenn\u00fdch vitam\u00edn\u016f a dal\u0161\u00edch pot\u0159ebn\u00fdch l\u00e1tek Va\u0161emu t\u011blu.M\u00e1 povzbuzuj\u00edc\u00ed \u00fa\u010dinky a protiz\u00e1n\u011btliv\u00e9 \u00fa\u010dinky na lidsk\u00fd organismus. Je v\u00fdznamn\u00fdm antioxidantem, podporuje tr\u00e1ven\u00ed a krevn\u00ed ob\u011bh. Sta\u010d\u00ed trochu p\u0159idat do j\u00eddla a m\u00e1te jistotu, \u017ee jste se zase obohatili o spoustu v\u00fdznamn\u00fdch a pro t\u011blo d\u016fle\u017eit\u00fdch l\u00e1tek, kter\u00e9 budou pro V\u00e1s a Va\u0161e zdrav\u00ed p\u0159\u00ednosem.P\u0159id\u00e1vat ji m\u016f\u017eete do hlavn\u00edho j\u00eddla, oko\u0159enit maso i ryby. D\u00e1le se s n\u00ed ko\u0159en\u00ed pol\u00e9vky a r\u016fzn\u00e9 om\u00e1\u010dky, t\u011bstoviny a lu\u0161t\u011bniny, zelenina, r\u00fd\u017ee a mnoho a mnoho dal\u0161\u00edch pokrm\u016f. Ve fantazii se meze nekladou.                                                                                                                                                                                                                                                                                                                                                                                          3.7\/5 - (7 votes)        "},{"@context":"https:\/\/schema.org\/","@type":"BreadcrumbList","itemListElement":[{"@type":"ListItem","position":1,"name":"Vz\u00e1cn\u00e9 ko\u0159en\u00ed zvan\u00e9 kurkuma","item":"https:\/\/www.aplcomm.cz\/vzacne-koreni-zvane-kurkuma\/#breadcrumbitem"}]}]