[{"@context":"https:\/\/schema.org\/","@type":"Article","@id":"https:\/\/www.aplcomm.cz\/zijte-aktivne-i-s-diabetem\/#Article","mainEntityOfPage":"https:\/\/www.aplcomm.cz\/zijte-aktivne-i-s-diabetem\/","headline":"\u017dijte aktivn\u011b i s diabetem","name":"\u017dijte aktivn\u011b i s diabetem","description":"V \u017eivot\u011b \u010dlov\u011bka se st\u00e1v\u00e1, \u017ee jeho imunitn\u00ed syst\u00e9m m\u016f\u017ee malinko selh\u00e1vat a pokulh\u00e1vat, a t\u00edm p\u00e1dem t\u011blo p\u0159est\u00e1v\u00e1 pracovat tak, jak by m\u011blo. Jednotliv\u00e9 funkce a chemick\u00e9 procesy v t\u011ble jsou naru\u0161eny a pacient mus\u00ed podstupovat rozmanitou l\u00e9\u010dbu medikac\u00ed, nebo jen zm\u011bnou \u017eivotospr\u00e1vy. Nebo jednodu\u0161e oboj\u00edm. Porucha metabolizmu, p\u0159i kter\u00e9 t\u011blo \u0161patn\u011b zpracov\u00e1v\u00e1 tuky, [&hellip;]","datePublished":"2023-12-02","dateModified":"2023-12-02","author":{"@type":"Person","@id":"https:\/\/www.aplcomm.cz\/author\/#Person","name":"","url":"https:\/\/www.aplcomm.cz\/author\/","identifier":1,"image":{"@type":"ImageObject","@id":"https:\/\/secure.gravatar.com\/avatar\/3064f57e4a87acc15ee08ce03d01afdc2a328e3d2da280f2bcfaabcbd486d62e?s=96&d=mm&r=g","url":"https:\/\/secure.gravatar.com\/avatar\/3064f57e4a87acc15ee08ce03d01afdc2a328e3d2da280f2bcfaabcbd486d62e?s=96&d=mm&r=g","height":96,"width":96}},"publisher":{"@type":"Organization","name":"aplcomm.cz","logo":{"@type":"ImageObject","@id":"\/logo.png","url":"\/logo.png","width":600,"height":60}},"url":"https:\/\/www.aplcomm.cz\/zijte-aktivne-i-s-diabetem\/","wordCount":266,"articleBody":"V \u017eivot\u011b \u010dlov\u011bka se st\u00e1v\u00e1, \u017ee jeho imunitn\u00ed syst\u00e9m m\u016f\u017ee malinko selh\u00e1vat a pokulh\u00e1vat, a t\u00edm p\u00e1dem t\u011blo p\u0159est\u00e1v\u00e1 pracovat tak, jak by m\u011blo. Jednotliv\u00e9 funkce a chemick\u00e9 procesy v t\u011ble jsou naru\u0161eny a pacient mus\u00ed podstupovat rozmanitou l\u00e9\u010dbu medikac\u00ed, nebo jen zm\u011bnou \u017eivotospr\u00e1vy. Nebo jednodu\u0161e oboj\u00edm. Porucha metabolizmu, p\u0159i kter\u00e9 t\u011blo \u0161patn\u011b zpracov\u00e1v\u00e1 tuky, cukry a b\u00edlkoviny, je odborn\u011b naz\u00fdv\u00e1na diabetes. Ur\u010dit\u011b zn\u00e1te n\u011bkolik lid\u00ed ve Va\u0161em okol\u00ed, kte\u0159\u00ed t\u00edmto onemocn\u011bn\u00edm byli postihnuti. Na prvn\u00ed pohled ale nen\u00ed v\u016fbec zn\u00e1t, \u017ee se l\u00e9\u010d\u00ed, nebo \u017ee snad nemocn\u011b vypadaj\u00ed. Je naprosto z\u0159ejm\u00e9, \u017ee \u017eij\u00ed aktivn\u011b, ale mus\u00ed dodr\u017eovat z\u00e1sady doporu\u010den\u00e9 l\u00e9ka\u0159em.Prevenc\u00ed ke zdrav\u00ed, to\u0165 ot\u00e1zkaPokud jdete k l\u00e9ka\u0159i s pot\u00ed\u017eemi, kter\u00e9 odhal\u00ed tuto pl\u00ed\u017eivou nemoc, pak prvn\u00ed ot\u00e1zkou z\u016fst\u00e1v\u00e1, jak p\u0159edej\u00edt onemocn\u011bn\u00ed. Pokud sledujete svou hmotnost, nestresujete se a netrp\u00edte \u010dast\u00fdmi vir\u00f3zami, pak je tu je\u0161t\u011b p\u0159edpoklad genetick\u00fd, pohlav\u00ed nebo i v\u011bk. Co z toho m\u016f\u017eete ovlivnit ve V\u00e1\u0161 prosp\u011bch? Existuje prevence proti zv\u00fd\u0161en\u00e9 hladin\u011b cukru v krvi? Kdy\u017e u\u017e jste \u0161t\u00edhl\u00ed a sportovci k tomu, stres uko\u010d\u00edrujete? Ovlivn\u00edte Va\u0161e geny a dispozice? Je t\u011b\u017ek\u00e9 si odpov\u011bd\u011bt kladn\u011b na ot\u00e1zku, zda existuje prevence. Ale jen proto se na spr\u00e1vn\u00fd \u017eivotn\u00ed styl nevyka\u0161leme.                                                                                                                                                                                                                                                                                                                                                                                        4.1\/5 - (8 votes)        "},{"@context":"https:\/\/schema.org\/","@type":"BreadcrumbList","itemListElement":[{"@type":"ListItem","position":1,"name":"\u017dijte aktivn\u011b i s diabetem","item":"https:\/\/www.aplcomm.cz\/zijte-aktivne-i-s-diabetem\/#breadcrumbitem"}]}]